{"id":3344,"date":"2023-10-21T22:53:54","date_gmt":"2023-10-21T19:53:54","guid":{"rendered":"https:\/\/arenclinic.com\/yuz-killarinin-restorasyonu-sakal-ekimi-ve-alternatifleri\/"},"modified":"2024-05-04T15:28:00","modified_gmt":"2024-05-04T12:28:00","slug":"yuz-killarinin-restorasyonu-sakal-ekimi-ve-alternatifleri","status":"publish","type":"post","link":"https:\/\/arenclinic.com\/tr\/yuz-killarinin-restorasyonu-sakal-ekimi-ve-alternatifleri\/","title":{"rendered":"Y\u00fcz K\u0131llar\u0131n\u0131n Restorasyonu: Sakal Ekimi ve Alternatifleri"},"content":{"rendered":"\n<p>Sakal ekimi, y\u00fczdeki k\u0131llar\u0131 geri kazand\u0131ran bir sa\u00e7 ekimi alt kategorisidir. Tam sakal, b\u0131y\u0131k veya favori b\u0131rakamayan erkeklerin erkeksi bir estetik g\u00f6r\u00fcn\u00fcm elde etmelerine yard\u0131mc\u0131 olur. Y\u00fcz k\u0131llar\u0131n\u0131z\u0131 neden uzatamad\u0131\u011f\u0131n\u0131za bak\u0131lmaks\u0131z\u0131n, bu prosed\u00fcr istedi\u011finiz g\u00f6r\u00fcn\u00fcm\u00fc elde etmenizi sa\u011flayabilir.<\/p>\n\n<p>Sakal ekimi, \u00e7e\u015fitli ko\u015fullar alt\u0131nda y\u00fcz k\u0131llar\u0131n\u0131n geri kazan\u0131lmas\u0131nda ba\u015far\u0131l\u0131d\u0131r. Bir kaza sonucu y\u00fcz\u00fcn\u00fczdeki t\u00fcyleri kaybettiyseniz veya genetik olarak t\u00fcyleriniz \u00e7\u0131km\u0131yorsa, prosed\u00fcr i\u00e7in uygun bir adays\u0131n\u0131z demektir. Bu prosed\u00fcr son y\u0131llarda, \u00f6zellikle de dolgun sakal \u00e7ekicili\u011fin bir \u00f6l\u00e7\u00fct\u00fc haline geldi\u011finden beri b\u00fcy\u00fck ilgi g\u00f6rm\u00fc\u015ft\u00fcr.<\/p>\n\n<h2 class=\"wp-block-heading\">Sakal Ekimi Nedir?<\/h2>\n\n<figure class=\"wp-block-image size-full\"><img fetchpriority=\"high\" decoding=\"async\" width=\"768\" height=\"456\" src=\"https:\/\/arenclinic.com\/wp-content\/uploads\/2023\/10\/what-are-beard-transplants.jpg\" alt=\"\" class=\"wp-image-1161\" srcset=\"https:\/\/arenclinic.com\/wp-content\/uploads\/2023\/10\/what-are-beard-transplants.jpg 768w, https:\/\/arenclinic.com\/wp-content\/uploads\/2023\/10\/what-are-beard-transplants-300x178.jpg 300w\" sizes=\"(max-width: 768px) 100vw, 768px\" \/><\/figure>\n\n<p>Sakal nakli, sakaldaki bo\u015fluklar\u0131 doldurarak m\u00fckemmel bir \u015fekilde birle\u015ftiren bir mikrocerrahidir. Doktorlar kendi sa\u00e7\u0131n\u0131z\u0131 kullanarak ba\u015f\u0131n\u0131z\u0131n arkas\u0131ndan implantasyon i\u00e7in greft toplar. Bu b\u00f6lge yap\u0131 ve doku olarak y\u00fcz k\u0131llar\u0131 ile en uyumlu b\u00f6lgedir.<\/p>\n\n<p>Sakal b\u00f6lgesinde kesiler olu\u015fturduktan sonra, doktorlar k\u0131llar\u0131 kanallara yerle\u015ftirir. \u0130yile\u015fmeden sonraki birka\u00e7 hafta i\u00e7inde greftler \u00e7apa kazan\u0131r ve ba\u015far\u0131l\u0131 bir \u015fekilde b\u00fcy\u00fcmeye ba\u015flar.<\/p>\n\n<p>Ameliyattan \u00f6nce doktorunuz yeni sakal\u0131n\u0131z\u0131n ana hatlar\u0131n\u0131 \u00e7izecektir. En rahat etti\u011finiz \u015fekli elde edene kadar \u00f6nerilerde bulunabilirsiniz. Cerrahi, \u00fczerinde mutab\u0131k kald\u0131\u011f\u0131n\u0131z ana hatlara g\u00f6re \u00e7al\u0131\u015f\u0131r. Ameliyat s\u0131ras\u0131nda lokal anestezi alt\u0131nda olacaks\u0131n\u0131z. Yani a\u011fr\u0131 ve rahats\u0131zl\u0131k endi\u015felenecek fakt\u00f6rler de\u011fildir.<\/p>\n\n<h2 class=\"wp-block-heading\">Sakal Ekiminin Faydalar\u0131<\/h2>\n\n<h3 class=\"wp-block-heading\">1- Kal\u0131c\u0131 Ama Esnek<\/h3>\n\n<p>Sakal ekimi, hayalinizdeki g\u00f6r\u00fcn\u00fcm\u00fc olu\u015fturmak i\u00e7in kendi sa\u00e7\u0131n\u0131z\u0131 kullan\u0131r. Tamamen iyile\u015ftikten sonra bu sa\u00e7, a\u011fda yapabilece\u011finiz, kesebilece\u011finiz, t\u0131ra\u015f edebilece\u011finiz veya boyayabilece\u011finiz do\u011fal sa\u00e7 gibi davran\u0131r.<\/p>\n\n<p>B\u00f6ylece sonu\u00e7lar\u0131n\u0131z kal\u0131c\u0131 olsa da, arada bir tarz\u0131n\u0131z\u0131 de\u011fi\u015ftirme esnekli\u011fine sahip olacaks\u0131n\u0131z.<\/p>\n\n<h3 class=\"wp-block-heading\" id=\"rtoc-4\">2- Yara \u0130zi Yok<\/h3>\n\n<p>\u00d6zellikle FUE, Sapphire FUE ve DHI sa\u00e7 ekimi gibi teknolojileri kullan\u0131rsan\u0131z, ne al\u0131c\u0131 ne de don\u00f6r b\u00f6lgede herhangi bir yara izi kalmaz.<\/p>\n\n<h3 class=\"wp-block-heading\" id=\"rtoc-5\">3- Duru\u015f S\u00fcresi Yok<\/h3>\n\n<p>Prosed\u00fcr, k\u00fc\u00e7\u00fck kesiler olu\u015fturarak k\u00fc\u00e7\u00fck bir alanda \u00e7al\u0131\u015f\u0131r. \u0130\u015flem s\u0131ras\u0131nda herhangi bir ac\u0131 hissetmeyeceksiniz. Ve olas\u0131 rahats\u0131zl\u0131klar\u0131 \u00f6nlemek i\u00e7in size re\u00e7etesiz a\u011fr\u0131 kesiciler verilecektir.<\/p>\n\n<p>Herhangi bir aksama s\u00fcresi yoktur ve bir g\u00fcn dinlendikten sonra normal rutininize devam edebilirsiniz.<\/p>\n\n<h2 class=\"wp-block-heading\">Sakal Ekimi \u0130yile\u015fme ve Sonras\u0131 Bak\u0131m<\/h2>\n\n<figure class=\"wp-block-image size-full\"><img decoding=\"async\" width=\"768\" height=\"456\" src=\"https:\/\/arenclinic.com\/wp-content\/uploads\/2023\/10\/how-to-take-care-of-your-beard.jpg\" alt=\"\" class=\"wp-image-1162\" srcset=\"https:\/\/arenclinic.com\/wp-content\/uploads\/2023\/10\/how-to-take-care-of-your-beard.jpg 768w, https:\/\/arenclinic.com\/wp-content\/uploads\/2023\/10\/how-to-take-care-of-your-beard-300x178.jpg 300w\" sizes=\"(max-width: 768px) 100vw, 768px\" \/><\/figure>\n\n<p>\u0130lk hafta, y\u00fcz\u00fcn\u00fcze dokunmaktan ve y\u00fcz\u00fcn\u00fcz\u00fcn alt k\u0131sm\u0131na maruz kalmaktan ka\u00e7\u0131n\u0131n. Enfeksiyonu ortadan kald\u0131rmak i\u00e7in y\u00fcz\u00fcn\u00fcze herhangi bir mikrop yaymak istemezsiniz.<\/p>\n\n<p>Du\u015f al\u0131rken nazik olun ve sadece \u0131l\u0131k su kullan\u0131n. Y\u00fcksek bas\u0131n\u00e7 uygulamay\u0131n, ak\u0131\u015f\u0131 yumu\u015fak tutun.<\/p>\n\n<p>Ameliyattan sonra birka\u00e7 hafta i\u00e7inde t\u00fcm sakal k\u0131llar\u0131n\u0131z d\u00f6k\u00fclecektir. Bu sayede<\/p>\n\n<p>yeni ve daha g\u00fc\u00e7l\u00fc sa\u00e7lar\u0131n ortaya \u00e7\u0131kmas\u0131n\u0131 sa\u011flar.<\/p>\n\n<p>\u0130lk \u00fc\u00e7 ay boyunca sakal\u0131n\u0131z\u0131 \u015fekillendirmek i\u00e7in sadece makas kullanabilirsiniz. Jiletleri dikkate almay\u0131n, bunlar greftlere zarar verebilir ve sonu\u00e7lar\u0131 olumsuz etkileyebilir.<\/p>\n\n<p>B\u00fcy\u00fcme 5 ay civar\u0131nda belirginle\u015fecektir. Ancak optimum sonu\u00e7lar tam bir y\u0131l i\u00e7inde ortaya \u00e7\u0131kar.<\/p>\n\n<h2 class=\"wp-block-heading\" id=\"rtoc-7\">Prosed\u00fcr \u0130\u00e7in Adaylar<\/h2>\n\n<p>Genel sa\u011fl\u0131k durumunuzun iyi olmas\u0131 gerekir. \u00d6rne\u011fin, k\u00f6t\u00fc yara iyile\u015fmesi ge\u00e7mi\u015finiz olmamal\u0131 veya ameliyattan sonra sizi riske atacak herhangi bir durumdan muzdarip olmamal\u0131s\u0131n\u0131z.<\/p>\n\n<p>\u0130kinci olarak, don\u00f6r sa\u00e7 olarak i\u015flev g\u00f6recek kafa derisi sa\u00e7\u0131na sahip olmal\u0131s\u0131n\u0131z. Kafa derisinde tamamen sa\u00e7 d\u00f6k\u00fclmesi varsa, ameliyat i\u00e7in uygun olmayabilirsiniz. V\u00fccuttan al\u0131nan sa\u00e7lar\u0131n kullan\u0131lmas\u0131 tavsiye edilmez \u00e7\u00fcnk\u00fc kafa derisi sa\u00e7lar\u0131na g\u00f6re \u00e7ok daha kalitesizdir.<\/p>\n\n<h2 class=\"wp-block-heading\" id=\"rtoc-8\">Sakal Ekimi \u0130\u00e7in Alternatif<\/h2>\n\n<p>Sakal ekimi, y\u00fcz k\u0131llar\u0131n\u0131n restorasyonu i\u00e7in 1 numaral\u0131 se\u00e7enek olmaya devam etmektedir. Ancak dikkate al\u0131nmas\u0131 gereken di\u011fer prosed\u00fcrler aras\u0131nda mikro-blading yer al\u0131r.<\/p>\n\n<p>Micro-blading, sakal b\u00f6lgesinin etraf\u0131nda k\u0131l benzeri biftekler yapmak i\u00e7in yar\u0131 kal\u0131c\u0131 m\u00fcrekkep kullanan bir tekniktir.<\/p>\n\n<p>Sonu\u00e7lar ge\u00e7icidir ve bir dereceye kadar do\u011fal g\u00f6r\u00fcn\u00fcr. Ancak sonu\u00e7lar kaybolmadan \u00f6nce, sonu\u00e7lar\u0131 de\u011fi\u015ftirme se\u00e7ene\u011finiz yoktur.<\/p>\n\n<h2 class=\"wp-block-heading\" id=\"rtoc-9\">Paket Servis<\/h2>\n\n<p>Sakal ekimi, y\u00fcz k\u0131llar\u0131n\u0131n restorasyonu i\u00e7in uygun bir y\u00f6ntemdir. Do\u011fald\u0131r, kal\u0131c\u0131d\u0131r ve farkl\u0131 stilleri deneme se\u00e7ene\u011finiz vard\u0131r.<\/p>\n\n<p>D\u00f6n\u00fc\u015f\u00fcm\u00fcn\u00fcz i\u00e7in haz\u0131rsan\u0131z Aren Clinic&#8217;te <a href=\"https:\/\/arenclinic.com\/tr\/bize-ulasin\/\" data-type=\"link\" data-id=\"https:\/\/arenclinic.com\/contact-us\/\">bizimle ileti\u015fime<\/a> ge\u00e7in.<\/p>\n","protected":false},"excerpt":{"rendered":"<p>Sakal ekimi, y\u00fczdeki k\u0131llar\u0131 geri kazand\u0131ran bir sa\u00e7 ekimi alt kategorisidir. Tam sakal, b\u0131y\u0131k veya favori b\u0131rakamayan erkeklerin erkeksi bir estetik g\u00f6r\u00fcn\u00fcm elde etmelerine yard\u0131mc\u0131 olur. Y\u00fcz k\u0131llar\u0131n\u0131z\u0131 neden uzatamad\u0131\u011f\u0131n\u0131za bak\u0131lmaks\u0131z\u0131n, bu prosed\u00fcr istedi\u011finiz g\u00f6r\u00fcn\u00fcm\u00fc elde etmenizi sa\u011flayabilir. Sakal ekimi, \u00e7e\u015fitli ko\u015fullar alt\u0131nda y\u00fcz k\u0131llar\u0131n\u0131n geri kazan\u0131lmas\u0131nda ba\u015far\u0131l\u0131d\u0131r. Bir kaza sonucu y\u00fcz\u00fcn\u00fczdeki t\u00fcyleri kaybettiyseniz veya [&hellip;]<\/p>\n","protected":false},"author":1,"featured_media":3348,"comment_status":"closed","ping_status":"","sticky":false,"template":"","format":"standard","meta":{"footnotes":""},"categories":[41],"tags":[],"class_list":["post-3344","post","type-post","status-publish","format-standard","has-post-thumbnail","hentry","category-sac-ekimi"],"_links":{"self":[{"href":"https:\/\/arenclinic.com\/tr\/wp-json\/wp\/v2\/posts\/3344","targetHints":{"allow":["GET"]}}],"collection":[{"href":"https:\/\/arenclinic.com\/tr\/wp-json\/wp\/v2\/posts"}],"about":[{"href":"https:\/\/arenclinic.com\/tr\/wp-json\/wp\/v2\/types\/post"}],"author":[{"embeddable":true,"href":"https:\/\/arenclinic.com\/tr\/wp-json\/wp\/v2\/users\/1"}],"replies":[{"embeddable":true,"href":"https:\/\/arenclinic.com\/tr\/wp-json\/wp\/v2\/comments?post=3344"}],"version-history":[{"count":1,"href":"https:\/\/arenclinic.com\/tr\/wp-json\/wp\/v2\/posts\/3344\/revisions"}],"predecessor-version":[{"id":3354,"href":"https:\/\/arenclinic.com\/tr\/wp-json\/wp\/v2\/posts\/3344\/revisions\/3354"}],"wp:featuredmedia":[{"embeddable":true,"href":"https:\/\/arenclinic.com\/tr\/wp-json\/wp\/v2\/media\/3348"}],"wp:attachment":[{"href":"https:\/\/arenclinic.com\/tr\/wp-json\/wp\/v2\/media?parent=3344"}],"wp:term":[{"taxonomy":"category","embeddable":true,"href":"https:\/\/arenclinic.com\/tr\/wp-json\/wp\/v2\/categories?post=3344"},{"taxonomy":"post_tag","embeddable":true,"href":"https:\/\/arenclinic.com\/tr\/wp-json\/wp\/v2\/tags?post=3344"}],"curies":[{"name":"wp","href":"https:\/\/api.w.org\/{rel}","templated":true}]}}